{"id":24534,"date":"2026-03-24T13:42:57","date_gmt":"2026-03-24T12:42:57","guid":{"rendered":"https:\/\/www.playabrava.com\/4-nuevos-puntos-de-recarga-para-coches-electricos\/"},"modified":"2026-03-24T19:49:15","modified_gmt":"2026-03-24T18:49:15","slug":"4-nouvelles-bornes-de-recharge-pour-voitures-electriques","status":"publish","type":"post","link":"https:\/\/www.playabrava.com\/fr\/4-nouvelles-bornes-de-recharge-pour-voitures-electriques\/","title":{"rendered":"4 nouvelles bornes de recharge pour voitures \u00e9lectriques"},"content":{"rendered":"\n<div class=\"wp-block-cover alignfull has-custom-content-position is-position-bottom-center\" style=\"border-bottom-left-radius:50px;border-bottom-right-radius:50px;margin-top:0;margin-bottom:0;min-height:70vh;aspect-ratio:unset;\"><img loading=\"lazy\" decoding=\"async\" width=\"1440\" height=\"1374\" class=\"wp-block-cover__image-background wp-image-24509 size-full\" alt=\"\" src=\"https:\/\/www.playabrava.com\/wp-content\/uploads\/puntos-recarga.webp\" data-object-fit=\"cover\" srcset=\"https:\/\/www.playabrava.com\/wp-content\/uploads\/puntos-recarga.webp 1440w, https:\/\/www.playabrava.com\/wp-content\/uploads\/puntos-recarga-1024x977.webp 1024w, https:\/\/www.playabrava.com\/wp-content\/uploads\/puntos-recarga-768x733.webp 768w, https:\/\/www.playabrava.com\/wp-content\/uploads\/puntos-recarga-512x489.webp 512w, https:\/\/www.playabrava.com\/wp-content\/uploads\/puntos-recarga-256x244.webp 256w\" sizes=\"auto, (max-width: 1440px) 100vw, 1440px\" \/><span aria-hidden=\"true\" class=\"wp-block-cover__background has-background-dim-20 has-background-dim\" style=\"background-color:#6c6552\"><\/span><div class=\"wp-block-cover__inner-container is-layout-constrained wp-block-cover-is-layout-constrained\">\n<div class=\"wp-block-group is-layout-constrained wp-block-group-is-layout-constrained\" style=\"padding-bottom:var(--wp--preset--spacing--60)\">\n<h1 class=\"wp-block-heading has-text-align-center has-theme-white-color has-text-color has-link-color has-h-1-font-size wp-elements-ae8af04a912769f9dad2aab6ee219cb6\"><strong>Voyagez sans limites ! Nous inaugurons 4 nouvelles bornes de recharge pour voitures \u00e9lectriques  <\/strong><\/h1>\n<\/div>\n<\/div><\/div>\n\n\n\n<div class=\"wp-block-group is-layout-constrained wp-block-group-is-layout-constrained\">\n<h2 class=\"wp-block-heading has-text-align-center\"><sup><strong>engag\u00e9s en faveur du d\u00e9veloppement durable<\/strong><\/sup><br><strong> Voyagez sans limites ! Nous inaugurons 4 nouvelles bornes de recharge pour voitures \u00e9lectriques <\/strong><\/h2>\n\n\n\n<figure class=\"wp-block-image aligncenter size-large\"><img loading=\"lazy\" decoding=\"async\" width=\"67\" height=\"13\" src=\"https:\/\/www.playabrava.com\/wp-content\/uploads\/stars.svg\" alt=\"\" class=\"wp-image-1151\"\/><\/figure>\n\n\n\n<p>Nous savons que la mobilit\u00e9 durable n&#8217;est pas l&#8217;avenir, mais bien le pr\u00e9sent. C&#8217;est pourquoi nous avons franchi une nouvelle \u00e9tape dans notre engagement en faveur de l&#8217;environnement et de votre confort en installant quatre nouvelles bornes de recharge pour v\u00e9hicules \u00e9lectriques au sein de nos installations. <\/p>\n<\/div>\n\n\n\n<div class=\"wp-block-group alignfull is-layout-constrained wp-block-group-is-layout-constrained\">\n<div class=\"wp-block-columns alignwide are-vertically-aligned-center installacions-content back-right is-layout-flex wp-container-core-columns-is-layout-eae17e81 wp-block-columns-is-layout-flex\" style=\"border-radius:5px;margin-top:var(--wp--preset--spacing--70);margin-bottom:var(--wp--preset--spacing--70)\">\n<div class=\"wp-block-column is-vertically-aligned-center is-layout-flow wp-block-column-is-layout-flow\">\n<div class=\"wp-image-slider has-text-align-left aspect-ratio-3_2\">\n\n                                        \n                    <script>\n                        'use strict';\n\n                        document.addEventListener('DOMContentLoaded', function () {\n\n                            (function() {\n                                const blockSlide = new Splide( '#slide_7', {\n                                    type : 'loop',\n                                    perPage: 1,\n                                                                        \n                                    breakpoints: {\n                                        800: {\n                                            perPage: 3,\n                                                                                    },\n                                        450: {\n                                            perPage: 1,\n                                            \n                                        },\n                                    },\n                                    pagination: false,\n                                    arrows: true,\n                                    gap: 'var(--wp--style--block-gap)',\n                                    i18n: {\n                                        slideLabel: '%s\/%s',\n                                    }\n                                } );\n                                \n\n                                \n                                blockSlide.mount();\n\n                                                                \n                                \n                            })();\n                        })\n                    <\/script>\n\n                    <div class=\"slider-container\"><div class=\"splide galeria-slider galeria-columnas-1\" id=\"slide_7\"><div class=\"splide__track\"><div class=\"splide__list\"><div id=\"thumb-24513\" class=\"splide__slide\"><div class=\"image-wrapper\"><img loading=\"lazy\" decoding=\"async\" width=\"512\" height=\"489\" src=\"https:\/\/www.playabrava.com\/wp-content\/uploads\/puntos-recarga-512x489.webp\" class=\"attachment-gallery-small size-gallery-small\" alt=\"\" srcset=\"https:\/\/www.playabrava.com\/wp-content\/uploads\/puntos-recarga-512x489.webp 512w, https:\/\/www.playabrava.com\/wp-content\/uploads\/puntos-recarga-1024x977.webp 1024w, https:\/\/www.playabrava.com\/wp-content\/uploads\/puntos-recarga-768x733.webp 768w, https:\/\/www.playabrava.com\/wp-content\/uploads\/puntos-recarga-256x244.webp 256w, https:\/\/www.playabrava.com\/wp-content\/uploads\/puntos-recarga.webp 1440w\" sizes=\"auto, (max-width: 512px) 100vw, 512px\" \/><\/div><\/div><\/div><\/div><\/div><\/div>\n                    \n<\/div><\/div>\n\n\n\n<div class=\"wp-block-column is-vertically-aligned-center is-layout-flow wp-block-column-is-layout-flow\">\n<ul class=\"wp-block-list\">\n<li>Chargez facilement tout en profitant du camping.<\/li>\n\n\n\n<li>Engagez-vous en faveur d&#8217;un tourisme plus \u00e9cologique.<\/li>\n\n\n\n<li>Explorez la Costa Brava sans vous soucier de l&#8217;autonomie de votre batterie.<\/li>\n<\/ul>\n<\/div>\n<\/div>\n<\/div>\n\n\n\n<div class=\"wp-block-group alignfull section-5 p-m altres-noticies is-layout-constrained wp-block-group-is-layout-constrained\" style=\"margin-top:0;margin-bottom:0;padding-top:var(--wp--preset--spacing--80);padding-bottom:var(--wp--preset--spacing--80)\">\n<div class=\"wp-block-group alignwide is-layout-flow wp-block-group-is-layout-flow\">\n<h2 class=\"wp-block-heading has-text-align-center animation--init--once slide-up has-theme-blue-color has-text-color has-link-color wp-elements-53efe8f58122ab16e1b5692dc4c6c64f\">Autres Nouvelles & Mises \u00e0 Jour<br><sub>Restez connect\u00e9s pour d\u00e9couvrir toutes les derni\u00e8res nouveaut\u00e9s du camping. <strong>Ne manquez rien \u2014 soyez les premiers inform\u00e9s !<\/strong><\/sub><\/h2>\n\n\n<script>var object = [];<\/script>\n    <div \n                class=\"wp-block-last-posts-splide alignwide\" \n            >\n        <div id=\"\" class=\"wp-block-last-posts-splide alignwide\" style=\"\">\n                        <div class=\"slider-container slider-last-posts-splide\">\n                    <div class=\"splide galeria-last-posts-splide-block_slide_3334\">\n                        <div class=\"splide__track\">\n                            <div class=\"splide__list wp-block-latest-posts__list\">\n                                                                    <div class=\"splide__slide\">\n                                    <a href=\"https:\/\/www.playabrava.com\/fr\/nouveaux-bungalows-sur-la-costa-brava\/\">\n                                        <div class=\"wp-block-latest-posts-wrapper\">\n                                            <img decoding=\"async\" class=\"wp-block-latest-posts__featured-image\" src=\"https:\/\/www.playabrava.com\/wp-content\/uploads\/nous-bungalows-2.webp\">   \n                                            <div class=\"wp-block-latest-posts__content-wrapper\">\n                                            <div class=\"wp-block-latest-posts__post-category-name  animation--init--once pop-up\">\n                                                Actualit\u00e9s                                            <\/div>\n                                            <div class=\"wp-block-latest-posts__post-title animation--init--once slide-up\" href=\"https:\/\/www.playabrava.com\/fr\/nouveaux-bungalows-sur-la-costa-brava\/\">\n                                                <h3>Nouveaux mobil-homes &#8220;Costa Brava&#8221;<\/h3>\n                                            <\/div>\n                                            <div class=\"wp-block-latest-posts__post-excerpt animation--init--once fade-in\">\n                                                Nous avons le plaisir de vous pr\u00e9senter les nouveaux bungalows Costa Brava, situ\u00e9s dans un agr\u00e9able espace pi\u00e9tonnier recouvert de gazon synth\u00e9tique, \u00e0 deux pas de la piscine du camping.                                            <\/div>\n                                            <div class=\"wp-block-latest-posts__post-button animation--init--once pop-up\">\n                                                 <img decoding=\"async\" class=\"wp-block-latest-posts__button-image\" src=\"https:\/\/www.playabrava.com\/wp-content\/themes\/blankv5\/assets\/images\/arrow.svg\">   \n                                            <\/div>\n                                            <\/div>\n                                        <\/div>\n                                    <\/a>\n                                    <\/div><!-- .splide__slide -->\n                                                                        <div class=\"splide__slide\">\n                                    <a href=\"https:\/\/www.playabrava.com\/fr\/nous-ouvrons-deux-terrains-de-padel-exclusifs\/\">\n                                        <div class=\"wp-block-latest-posts-wrapper\">\n                                            <img decoding=\"async\" class=\"wp-block-latest-posts__featured-image\" src=\"https:\/\/www.playabrava.com\/wp-content\/uploads\/noves-pistes-padel-2.webp\">   \n                                            <div class=\"wp-block-latest-posts__content-wrapper\">\n                                            <div class=\"wp-block-latest-posts__post-category-name  animation--init--once pop-up\">\n                                                Actualit\u00e9s                                            <\/div>\n                                            <div class=\"wp-block-latest-posts__post-title animation--init--once slide-up\" href=\"https:\/\/www.playabrava.com\/fr\/nous-ouvrons-deux-terrains-de-padel-exclusifs\/\">\n                                                <h3>Ouverture : deux terrains de padel exclusifs<\/h3>\n                                            <\/div>\n                                            <div class=\"wp-block-latest-posts__post-excerpt animation--init--once fade-in\">\n                                                Au Camping Platja Brava, nous nous effor\u00e7ons sans cesse d&#8217;am\u00e9liorer nos installations et de proposer de nouvelles activit\u00e9s sportives et de loisirs \u00e0 nos clients.                                            <\/div>\n                                            <div class=\"wp-block-latest-posts__post-button animation--init--once pop-up\">\n                                                 <img decoding=\"async\" class=\"wp-block-latest-posts__button-image\" src=\"https:\/\/www.playabrava.com\/wp-content\/themes\/blankv5\/assets\/images\/arrow.svg\">   \n                                            <\/div>\n                                            <\/div>\n                                        <\/div>\n                                    <\/a>\n                                    <\/div><!-- .splide__slide -->\n                                                                        <div class=\"splide__slide\">\n                                    <a href=\"https:\/\/www.playabrava.com\/fr\/noves-parcelles-master-plus\/\">\n                                        <div class=\"wp-block-latest-posts-wrapper\">\n                                            <img decoding=\"async\" class=\"wp-block-latest-posts__featured-image\" src=\"https:\/\/www.playabrava.com\/wp-content\/uploads\/planell.jpg\">   \n                                            <div class=\"wp-block-latest-posts__content-wrapper\">\n                                            <div class=\"wp-block-latest-posts__post-category-name  animation--init--once pop-up\">\n                                                Actualit\u00e9s                                            <\/div>\n                                            <div class=\"wp-block-latest-posts__post-title animation--init--once slide-up\" href=\"https:\/\/www.playabrava.com\/fr\/noves-parcelles-master-plus\/\">\n                                                <h3>Nouveaux Emplacements Master Plus<\/h3>\n                                            <\/div>\n                                            <div class=\"wp-block-latest-posts__post-excerpt animation--init--once fade-in\">\n                                                Nous travaillons en permanence \u00e0 am\u00e9liorer nos installations afin de vous offrir une exp\u00e9rience de camping unique, confortable et respectueuse de l\u2019environnement.                                            <\/div>\n                                            <div class=\"wp-block-latest-posts__post-button animation--init--once pop-up\">\n                                                 <img decoding=\"async\" class=\"wp-block-latest-posts__button-image\" src=\"https:\/\/www.playabrava.com\/wp-content\/themes\/blankv5\/assets\/images\/arrow.svg\">   \n                                            <\/div>\n                                            <\/div>\n                                        <\/div>\n                                    <\/a>\n                                    <\/div><!-- .splide__slide -->\n                                                                        <div class=\"splide__slide\">\n                                    <a href=\"https:\/\/www.playabrava.com\/fr\/cap-a-un-camping-mes-respectuos-amb-lentorn\/\">\n                                        <div class=\"wp-block-latest-posts-wrapper\">\n                                            <img decoding=\"async\" class=\"wp-block-latest-posts__featured-image\" src=\"https:\/\/www.playabrava.com\/wp-content\/uploads\/cap-a-un-camping-mes-respetuos-amb-lentorn.webp\">   \n                                            <div class=\"wp-block-latest-posts__content-wrapper\">\n                                            <div class=\"wp-block-latest-posts__post-category-name  animation--init--once pop-up\">\n                                                Actualit\u00e9s                                            <\/div>\n                                            <div class=\"wp-block-latest-posts__post-title animation--init--once slide-up\" href=\"https:\/\/www.playabrava.com\/fr\/cap-a-un-camping-mes-respectuos-amb-lentorn\/\">\n                                                <h3>Un Camping Plus \u00c9coresponsable<\/h3>\n                                            <\/div>\n                                            <div class=\"wp-block-latest-posts__post-excerpt animation--init--once fade-in\">\n                                                Nous sommes heureux de vous annoncer une grande avanc\u00e9e vers un camping plus durable et respectueux de l\u2019environnement.                                            <\/div>\n                                            <div class=\"wp-block-latest-posts__post-button animation--init--once pop-up\">\n                                                 <img decoding=\"async\" class=\"wp-block-latest-posts__button-image\" src=\"https:\/\/www.playabrava.com\/wp-content\/themes\/blankv5\/assets\/images\/arrow.svg\">   \n                                            <\/div>\n                                            <\/div>\n                                        <\/div>\n                                    <\/a>\n                                    <\/div><!-- .splide__slide -->\n                                                                        <div class=\"splide__slide\">\n                                    <a href=\"https:\/\/www.playabrava.com\/fr\/nova-gespa-natural-a-la-zona-de-la-piscina\/\">\n                                        <div class=\"wp-block-latest-posts-wrapper\">\n                                            <img decoding=\"async\" class=\"wp-block-latest-posts__featured-image\" src=\"https:\/\/www.playabrava.com\/wp-content\/uploads\/nova-gespa.jpg\">   \n                                            <div class=\"wp-block-latest-posts__content-wrapper\">\n                                            <div class=\"wp-block-latest-posts__post-category-name  animation--init--once pop-up\">\n                                                Actualit\u00e9s                                            <\/div>\n                                            <div class=\"wp-block-latest-posts__post-title animation--init--once slide-up\" href=\"https:\/\/www.playabrava.com\/fr\/nova-gespa-natural-a-la-zona-de-la-piscina\/\">\n                                                <h3>Nouvelle Pelouse Naturelle autour de la Piscine<\/h3>\n                                            <\/div>\n                                            <div class=\"wp-block-latest-posts__post-excerpt animation--init--once fade-in\">\n                                                Nous avons remplac\u00e9 le rev\u00eatement de la zone piscine par une nouvelle pelouse naturelle, pour am\u00e9liorer votre confort et r\u00e9duire notre impact environnemental                                            <\/div>\n                                            <div class=\"wp-block-latest-posts__post-button animation--init--once pop-up\">\n                                                 <img decoding=\"async\" class=\"wp-block-latest-posts__button-image\" src=\"https:\/\/www.playabrava.com\/wp-content\/themes\/blankv5\/assets\/images\/arrow.svg\">   \n                                            <\/div>\n                                            <\/div>\n                                        <\/div>\n                                    <\/a>\n                                    <\/div><!-- .splide__slide -->\n                                                                        <div class=\"splide__slide\">\n                                    <a href=\"https:\/\/www.playabrava.com\/fr\/nou-splash-park\/\">\n                                        <div class=\"wp-block-latest-posts-wrapper\">\n                                            <img decoding=\"async\" class=\"wp-block-latest-posts__featured-image\" src=\"https:\/\/www.playabrava.com\/wp-content\/uploads\/0-foto-per-novetats.webp\">   \n                                            <div class=\"wp-block-latest-posts__content-wrapper\">\n                                            <div class=\"wp-block-latest-posts__post-category-name  animation--init--once pop-up\">\n                                                Actualit\u00e9s                                            <\/div>\n                                            <div class=\"wp-block-latest-posts__post-title animation--init--once slide-up\" href=\"https:\/\/www.playabrava.com\/fr\/nou-splash-park\/\">\n                                                <h3>Nouveau Splash Park !<\/h3>\n                                            <\/div>\n                                            <div class=\"wp-block-latest-posts__post-excerpt animation--init--once fade-in\">\n                                                Cet \u00e9t\u00e9, les vacances en famille s\u2019annoncent encore plus joyeuses avec l\u2019arriv\u00e9e de notre tout nouveau Splash Park \u2014 un espace ludique et rafra\u00eechissant sp\u00e9cialement pens\u00e9 pour les enfants.                                            <\/div>\n                                            <div class=\"wp-block-latest-posts__post-button animation--init--once pop-up\">\n                                                 <img decoding=\"async\" class=\"wp-block-latest-posts__button-image\" src=\"https:\/\/www.playabrava.com\/wp-content\/themes\/blankv5\/assets\/images\/arrow.svg\">   \n                                            <\/div>\n                                            <\/div>\n                                        <\/div>\n                                    <\/a>\n                                    <\/div><!-- .splide__slide -->\n                                                                        <div class=\"splide__slide\">\n                                    <a href=\"https:\/\/www.playabrava.com\/fr\/nova-zona-de-glamping-amb-tendes-safari\/\">\n                                        <div class=\"wp-block-latest-posts-wrapper\">\n                                            <img decoding=\"async\" class=\"wp-block-latest-posts__featured-image\" src=\"https:\/\/www.playabrava.com\/wp-content\/uploads\/p-113-09-safari-tent-la-fosca-camping-caravaning-internacional-palamos-costa-brava.webp\">   \n                                            <div class=\"wp-block-latest-posts__content-wrapper\">\n                                            <div class=\"wp-block-latest-posts__post-category-name  animation--init--once pop-up\">\n                                                Actualit\u00e9s                                            <\/div>\n                                            <div class=\"wp-block-latest-posts__post-title animation--init--once slide-up\" href=\"https:\/\/www.playabrava.com\/fr\/nova-zona-de-glamping-amb-tendes-safari\/\">\n                                                <h3>Nouvelle Zone Glamping avec Tentes Safari<\/h3>\n                                            <\/div>\n                                            <div class=\"wp-block-latest-posts__post-excerpt animation--init--once fade-in\">\n                                                D\u00e8s cet \u00e9t\u00e9, d\u00e9couvrez notre nouvelle zone glamping, avec des tentes safari tout \u00e9quip\u00e9es, id\u00e9ales pour les couples et les familles.                                            <\/div>\n                                            <div class=\"wp-block-latest-posts__post-button animation--init--once pop-up\">\n                                                 <img decoding=\"async\" class=\"wp-block-latest-posts__button-image\" src=\"https:\/\/www.playabrava.com\/wp-content\/themes\/blankv5\/assets\/images\/arrow.svg\">   \n                                            <\/div>\n                                            <\/div>\n                                        <\/div>\n                                    <\/a>\n                                    <\/div><!-- .splide__slide -->\n                                                                <\/div><!-- .splide__list -->\n                        <\/div><!-- .splide__track -->\n                    <\/div><!-- .splide.galeria-last-posts-splide-block_slide_3334 -->\n                <\/div><!-- .slider-container.slider-last-posts-splide -->\n                <\/div>\n<\/div>\n    <script>\n        var postCount = 7;\n        new Splide( '.galeria-last-posts-splide-block_slide_3334', \n            {\n                perMove: 1,\n                perPage: 3, \/\/ N\u00daMERO DE COLUMNAS\n                autoplay: true,\n                type: 'loop',\n                gap: '30px',\n                pagination: false,\n                arrows: postCount > 3, \/\/ Disable arrows if posts are 3 or less\n                breakpoints: {\n                    1300: {\n                        perPage: 2,\n                        arrows: true,\n                    },\n                    950: {\n                        perPage: 1,\n                    },\n                }   \n            } \n        ).mount();\n    <\/script>\n\n<\/div>\n<\/div>\n","protected":false},"excerpt":{"rendered":"<p>engag\u00e9s en faveur du d\u00e9veloppement durable Voyagez sans limites ! Nous inaugurons 4 nouvelles bornes de recharge pour voitures \u00e9lectriques Nous savons que la mobilit\u00e9&#8230;<\/p>\n","protected":false},"author":2,"featured_media":24513,"comment_status":"closed","ping_status":"closed","sticky":false,"template":"","format":"standard","meta":{"_acf_changed":false,"inline_featured_image":false,"footnotes":""},"categories":[44],"tags":[],"class_list":["post-24534","post","type-post","status-publish","format-standard","has-post-thumbnail","hentry","category-actualites"],"acf":[],"yoast_head":"<!-- This site is optimized with the Yoast SEO plugin v27.1.1 - https:\/\/yoast.com\/product\/yoast-seo-wordpress\/ -->\n<title>4 nouvelles bornes de recharge pour voitures \u00e9lectriques - Camping Platja Brava<\/title>\n<meta name=\"description\" content=\"4 nouvelles bornes de recharge pour voitures \u00e9lectriques - Venez passer des vacances inoubliables au Camping Playa Brava, situ\u00e9 en plein c\u0153ur de la Costa Brava. Nous proposons des emplacements, des bungalows, une piscine, une plage et des activit\u00e9s pour toute la famille. R\u00e9servez d\u00e8s maintenant !\" \/>\n<meta name=\"robots\" content=\"index, follow, max-snippet:-1, max-image-preview:large, max-video-preview:-1\" \/>\n<link rel=\"canonical\" href=\"https:\/\/www.playabrava.com\/fr\/4-nouvelles-bornes-de-recharge-pour-voitures-electriques\/\" \/>\n<meta property=\"og:locale\" content=\"fr_FR\" \/>\n<meta property=\"og:type\" content=\"article\" \/>\n<meta property=\"og:title\" content=\"4 nouvelles bornes de recharge pour voitures \u00e9lectriques - Camping Platja Brava\" \/>\n<meta property=\"og:description\" content=\"4 nouvelles bornes de recharge pour voitures \u00e9lectriques - Venez passer des vacances inoubliables au Camping Playa Brava, situ\u00e9 en plein c\u0153ur de la Costa Brava. Nous proposons des emplacements, des bungalows, une piscine, une plage et des activit\u00e9s pour toute la famille. R\u00e9servez d\u00e8s maintenant !\" \/>\n<meta property=\"og:url\" content=\"https:\/\/www.playabrava.com\/fr\/4-nouvelles-bornes-de-recharge-pour-voitures-electriques\/\" \/>\n<meta property=\"og:site_name\" content=\"Camping Platja Brava\" \/>\n<meta property=\"article:publisher\" content=\"https:\/\/www.facebook.com\/campingpals\" \/>\n<meta property=\"article:published_time\" content=\"2026-03-24T12:42:57+00:00\" \/>\n<meta property=\"article:modified_time\" content=\"2026-03-24T18:49:15+00:00\" \/>\n<meta property=\"og:image\" content=\"https:\/\/www.playabrava.com\/wp-content\/uploads\/puntos-recarga.webp\" \/>\n\t<meta property=\"og:image:width\" content=\"1440\" \/>\n\t<meta property=\"og:image:height\" content=\"1374\" \/>\n\t<meta property=\"og:image:type\" content=\"image\/webp\" \/>\n<meta name=\"author\" content=\"udadmin\" \/>\n<meta name=\"twitter:card\" content=\"summary_large_image\" \/>\n<meta name=\"twitter:label1\" content=\"\u00c9crit par\" \/>\n\t<meta name=\"twitter:data1\" content=\"udadmin\" \/>\n\t<meta name=\"twitter:label2\" content=\"Dur\u00e9e de lecture estim\u00e9e\" \/>\n\t<meta name=\"twitter:data2\" content=\"2 minutes\" \/>\n<!-- \/ Yoast SEO plugin. -->","yoast_head_json":{"title":"4 nouvelles bornes de recharge pour voitures \u00e9lectriques - Camping Platja Brava","description":"4 nouvelles bornes de recharge pour voitures \u00e9lectriques - Venez passer des vacances inoubliables au Camping Playa Brava, situ\u00e9 en plein c\u0153ur de la Costa Brava. Nous proposons des emplacements, des bungalows, une piscine, une plage et des activit\u00e9s pour toute la famille. R\u00e9servez d\u00e8s maintenant !","robots":{"index":"index","follow":"follow","max-snippet":"max-snippet:-1","max-image-preview":"max-image-preview:large","max-video-preview":"max-video-preview:-1"},"canonical":"https:\/\/www.playabrava.com\/fr\/4-nouvelles-bornes-de-recharge-pour-voitures-electriques\/","og_locale":"fr_FR","og_type":"article","og_title":"4 nouvelles bornes de recharge pour voitures \u00e9lectriques - Camping Platja Brava","og_description":"4 nouvelles bornes de recharge pour voitures \u00e9lectriques - Venez passer des vacances inoubliables au Camping Playa Brava, situ\u00e9 en plein c\u0153ur de la Costa Brava. Nous proposons des emplacements, des bungalows, une piscine, une plage et des activit\u00e9s pour toute la famille. R\u00e9servez d\u00e8s maintenant !","og_url":"https:\/\/www.playabrava.com\/fr\/4-nouvelles-bornes-de-recharge-pour-voitures-electriques\/","og_site_name":"Camping Platja Brava","article_publisher":"https:\/\/www.facebook.com\/campingpals","article_published_time":"2026-03-24T12:42:57+00:00","article_modified_time":"2026-03-24T18:49:15+00:00","og_image":[{"width":1440,"height":1374,"url":"https:\/\/www.playabrava.com\/wp-content\/uploads\/puntos-recarga.webp","type":"image\/webp"}],"author":"udadmin","twitter_card":"summary_large_image","twitter_misc":{"\u00c9crit par":"udadmin","Dur\u00e9e de lecture estim\u00e9e":"2 minutes"},"schema":{"@context":"https:\/\/schema.org","@graph":[{"@type":"Article","@id":"https:\/\/www.playabrava.com\/fr\/4-nouvelles-bornes-de-recharge-pour-voitures-electriques\/#article","isPartOf":{"@id":"https:\/\/www.playabrava.com\/fr\/4-nouvelles-bornes-de-recharge-pour-voitures-electriques\/"},"author":{"name":"udadmin","@id":"https:\/\/www.playabrava.com\/fr\/#\/schema\/person\/38d0631c0395a7a9d8b1f6b5bfb04aad"},"headline":"4 nouvelles bornes de recharge pour voitures \u00e9lectriques","datePublished":"2026-03-24T12:42:57+00:00","dateModified":"2026-03-24T18:49:15+00:00","mainEntityOfPage":{"@id":"https:\/\/www.playabrava.com\/fr\/4-nouvelles-bornes-de-recharge-pour-voitures-electriques\/"},"wordCount":120,"publisher":{"@id":"https:\/\/www.playabrava.com\/fr\/#organization"},"image":{"@id":"https:\/\/www.playabrava.com\/fr\/4-nouvelles-bornes-de-recharge-pour-voitures-electriques\/#primaryimage"},"thumbnailUrl":"https:\/\/www.playabrava.com\/wp-content\/uploads\/puntos-recarga.webp","articleSection":["Actualit\u00e9s"],"inLanguage":"fr-FR"},{"@type":"WebPage","@id":"https:\/\/www.playabrava.com\/fr\/4-nouvelles-bornes-de-recharge-pour-voitures-electriques\/","url":"https:\/\/www.playabrava.com\/fr\/4-nouvelles-bornes-de-recharge-pour-voitures-electriques\/","name":"4 nouvelles bornes de recharge pour voitures \u00e9lectriques - Camping Platja Brava","isPartOf":{"@id":"https:\/\/www.playabrava.com\/fr\/#website"},"primaryImageOfPage":{"@id":"https:\/\/www.playabrava.com\/fr\/4-nouvelles-bornes-de-recharge-pour-voitures-electriques\/#primaryimage"},"image":{"@id":"https:\/\/www.playabrava.com\/fr\/4-nouvelles-bornes-de-recharge-pour-voitures-electriques\/#primaryimage"},"thumbnailUrl":"https:\/\/www.playabrava.com\/wp-content\/uploads\/puntos-recarga.webp","datePublished":"2026-03-24T12:42:57+00:00","dateModified":"2026-03-24T18:49:15+00:00","description":"4 nouvelles bornes de recharge pour voitures \u00e9lectriques - Venez passer des vacances inoubliables au Camping Playa Brava, situ\u00e9 en plein c\u0153ur de la Costa Brava. Nous proposons des emplacements, des bungalows, une piscine, une plage et des activit\u00e9s pour toute la famille. R\u00e9servez d\u00e8s maintenant !","breadcrumb":{"@id":"https:\/\/www.playabrava.com\/fr\/4-nouvelles-bornes-de-recharge-pour-voitures-electriques\/#breadcrumb"},"inLanguage":"fr-FR","potentialAction":[{"@type":"ReadAction","target":["https:\/\/www.playabrava.com\/fr\/4-nouvelles-bornes-de-recharge-pour-voitures-electriques\/"]}]},{"@type":"ImageObject","inLanguage":"fr-FR","@id":"https:\/\/www.playabrava.com\/fr\/4-nouvelles-bornes-de-recharge-pour-voitures-electriques\/#primaryimage","url":"https:\/\/www.playabrava.com\/wp-content\/uploads\/puntos-recarga.webp","contentUrl":"https:\/\/www.playabrava.com\/wp-content\/uploads\/puntos-recarga.webp","width":1440,"height":1374},{"@type":"BreadcrumbList","@id":"https:\/\/www.playabrava.com\/fr\/4-nouvelles-bornes-de-recharge-pour-voitures-electriques\/#breadcrumb","itemListElement":[{"@type":"ListItem","position":1,"name":"Portada","item":"https:\/\/www.playabrava.com\/fr\/"},{"@type":"ListItem","position":2,"name":"4 nouvelles bornes de recharge pour voitures \u00e9lectriques"}]},{"@type":"WebSite","@id":"https:\/\/www.playabrava.com\/fr\/#website","url":"https:\/\/www.playabrava.com\/fr\/","name":"Camping Platja Brava","description":"Camping i Bungalous a Platja de Pals | Gaudeix de la Natura a la Costa Brava","publisher":{"@id":"https:\/\/www.playabrava.com\/fr\/#organization"},"potentialAction":[{"@type":"SearchAction","target":{"@type":"EntryPoint","urlTemplate":"https:\/\/www.playabrava.com\/fr\/?s={search_term_string}"},"query-input":{"@type":"PropertyValueSpecification","valueRequired":true,"valueName":"search_term_string"}}],"inLanguage":"fr-FR"},{"@type":"Organization","@id":"https:\/\/www.playabrava.com\/fr\/#organization","name":"Camping Platja Brava","url":"https:\/\/www.playabrava.com\/fr\/","logo":{"@type":"ImageObject","inLanguage":"fr-FR","@id":"https:\/\/www.playabrava.com\/fr\/#\/schema\/logo\/image\/","url":"https:\/\/www.playabrava.com\/wp-content\/uploads\/cropped-logo-platjabrava.png","contentUrl":"https:\/\/www.playabrava.com\/wp-content\/uploads\/cropped-logo-platjabrava.png","width":250,"height":50,"caption":"Camping Platja Brava"},"image":{"@id":"https:\/\/www.playabrava.com\/fr\/#\/schema\/logo\/image\/"},"sameAs":["https:\/\/www.facebook.com\/campingpals","https:\/\/www.instagram.com\/campingplatjabrava\/","https:\/\/www.youtube.com\/@campingplayabrava1369","https:\/\/www.tripadvisor.es\/Hotel_Review-g580332-d1195447-Reviews-Camping_Bungalows_Platja_Brava-Pals_Costa_Brava_Province_of_Girona_Catalonia.html"]},{"@type":"Person","@id":"https:\/\/www.playabrava.com\/fr\/#\/schema\/person\/38d0631c0395a7a9d8b1f6b5bfb04aad","name":"udadmin","image":{"@type":"ImageObject","inLanguage":"fr-FR","@id":"https:\/\/www.playabrava.com\/fr\/#\/schema\/person\/image\/","url":"https:\/\/secure.gravatar.com\/avatar\/dadf60326a592df5043d2ff202644cd5a23923b9700dc19990e301545ea48e66?s=96&d=mm&r=g","contentUrl":"https:\/\/secure.gravatar.com\/avatar\/dadf60326a592df5043d2ff202644cd5a23923b9700dc19990e301545ea48e66?s=96&d=mm&r=g","caption":"udadmin"}}]}},"_links":{"self":[{"href":"https:\/\/www.playabrava.com\/fr\/wp-json\/wp\/v2\/posts\/24534","targetHints":{"allow":["GET"]}}],"collection":[{"href":"https:\/\/www.playabrava.com\/fr\/wp-json\/wp\/v2\/posts"}],"about":[{"href":"https:\/\/www.playabrava.com\/fr\/wp-json\/wp\/v2\/types\/post"}],"author":[{"embeddable":true,"href":"https:\/\/www.playabrava.com\/fr\/wp-json\/wp\/v2\/users\/2"}],"replies":[{"embeddable":true,"href":"https:\/\/www.playabrava.com\/fr\/wp-json\/wp\/v2\/comments?post=24534"}],"version-history":[{"count":7,"href":"https:\/\/www.playabrava.com\/fr\/wp-json\/wp\/v2\/posts\/24534\/revisions"}],"predecessor-version":[{"id":24565,"href":"https:\/\/www.playabrava.com\/fr\/wp-json\/wp\/v2\/posts\/24534\/revisions\/24565"}],"wp:featuredmedia":[{"embeddable":true,"href":"https:\/\/www.playabrava.com\/fr\/wp-json\/wp\/v2\/media\/24513"}],"wp:attachment":[{"href":"https:\/\/www.playabrava.com\/fr\/wp-json\/wp\/v2\/media?parent=24534"}],"wp:term":[{"taxonomy":"category","embeddable":true,"href":"https:\/\/www.playabrava.com\/fr\/wp-json\/wp\/v2\/categories?post=24534"},{"taxonomy":"post_tag","embeddable":true,"href":"https:\/\/www.playabrava.com\/fr\/wp-json\/wp\/v2\/tags?post=24534"}],"curies":[{"name":"wp","href":"https:\/\/api.w.org\/{rel}","templated":true}]}}